[{"@context":"https:\/\/schema.org\/","@type":"Article","@id":"https:\/\/www.dalila.cz\/kazdy-konec-je-novym-zacatkem\/#Article","mainEntityOfPage":"https:\/\/www.dalila.cz\/kazdy-konec-je-novym-zacatkem\/","headline":"Ka\u017ed\u00fd konec je nov\u00fdm za\u010d\u00e1tkem","name":"Ka\u017ed\u00fd konec je nov\u00fdm za\u010d\u00e1tkem","description":"Bylo to roku 2017, kdy se mi ve vte\u0159in\u011b p\u0159eto\u010dil \u017eivot naruby. B\u011bhem vte\u0159iny se mi rozplynul velk\u00fd sen. Moje \u017eivotn\u00ed poh\u00e1dka. Najednou jsem nev\u011bd\u011bla,&hellip;","datePublished":"2018-12-21","dateModified":"2023-05-05","author":{"@type":"Person","@id":"https:\/\/www.dalila.cz\/author\/#Person","name":"","url":"https:\/\/www.dalila.cz\/author\/","identifier":1,"image":{"@type":"ImageObject","@id":"https:\/\/secure.gravatar.com\/avatar\/9514fe8d0d5bc6f8b5e285c47f6d71536ab35446ffb077fff11f6ca1fa8b00ce?s=96&d=mm&r=g","url":"https:\/\/secure.gravatar.com\/avatar\/9514fe8d0d5bc6f8b5e285c47f6d71536ab35446ffb077fff11f6ca1fa8b00ce?s=96&d=mm&r=g","height":96,"width":96}},"publisher":{"@type":"Organization","name":"dalila.cz","logo":{"@type":"ImageObject","@id":"\/logo.png","url":"\/logo.png","width":600,"height":60}},"image":{"@type":"ImageObject","@id":"https:\/\/www.dalila.cz\/wp-content\/uploads\/img_a332081_w2352_t1544696942.jpg","url":"https:\/\/www.dalila.cz\/wp-content\/uploads\/img_a332081_w2352_t1544696942.jpg","height":0,"width":0},"url":"https:\/\/www.dalila.cz\/kazdy-konec-je-novym-zacatkem\/","about":["Lifestyle"],"wordCount":488,"articleBody":"\tBylo to roku 2017, kdy se mi ve vte\u0159in\u011b p\u0159eto\u010dil \u017eivot naruby. B\u011bhem vte\u0159iny se mi rozplynul velk\u00fd sen. Moje \u017eivotn\u00ed poh\u00e1dka. Najednou jsem nev\u011bd\u011bla, co se \u017eivotem, ve kter\u00e9m je m\u011b jen p\u016fl. Netu\u0161ila jsem, co od \u017eivota o\u010dek\u00e1v\u00e1m, co chci, co c\u00edt\u00edm, ani co pro\u017e\u00edv\u00e1m. Probudila jsem se ze sv\u00e9 vysn\u011bn\u00e9 poh\u00e1dky tak rychle, \u017ee jsem se z toho nemohla vzpamatovat. A v tu chv\u00edli mi to do\u0161lo. Je konec.\t\tOpravdu je to konec?Po m\u011bs\u00edci hled\u00e1n\u00ed sama sebe, ut\u011b\u0161ov\u00e1n\u00ed se, \u017ee se v\u0161e najednou zlep\u0161\u00ed a bude to jako d\u0159\u00edv, jsem se rozhodla z\u00e1sadn\u011b zm\u011bnit sv\u016fj \u017eivot. A tak jsem v lednu 2018 sed\u011bla v autobuse sm\u011brem do Belgie, kde jsem cht\u011bla znovu za\u010d\u00edt. T\u0159\u00edm\u011bs\u00ed\u010dn\u00ed studijn\u00ed pobyt pro m\u011b znamenal \u017eivot bez rodi\u010d\u016f, bez kamar\u00e1d\u016f, bez m\u00e9ho stereotypu, na kter\u00fd jsem byla 22 let zvykl\u00e1, co\u017e pro holku, kter\u00e1 je z\u00e1visl\u00e1 na lidech kolem sebe, nebylo zrovna nejleh\u010d\u00ed. Ale p\u0159edev\u0161\u00edm jsem za\u010dala nov\u00fd \u017eivot bez p\u0159em\u00fd\u0161len\u00ed nad t\u00edm, co bude. Za\u010dala jsem \u017e\u00edt p\u0159\u00edtomnost\u00ed, ze dne na den.\tA to je ten nov\u00fd za\u010d\u00e1tek!Je konec roku 2018 a j\u00e1 sed\u00edm na p\u00edse\u010dn\u00e9 pl\u00e1\u017ei na Bali. Jak to? Proto\u017ee jsem za\u010dala \u017e\u00edt jin\u00fd sen. Na\u0161la jsem ve sv\u00e9 du\u0161i a mysli spoustu nov\u00fdch c\u00edl\u016f, kter\u00fdch chci v \u017eivot\u011b dos\u00e1hnout, a jeliko\u017e ne v\u0161echny je mo\u017eno dos\u00e1hnout v \u010cesk\u00e9 Republice, musela jsem se vydat d\u00e1l. Po t\u0159ech m\u011bs\u00edc\u00edch ve Vietnamu jsem si uv\u011bdomila, jak vlastn\u011b vypad\u00e1 opravdov\u00e9 bohatstv\u00ed. A to j\u00e1 doopravdy m\u00e1m.Miluj\u00edc\u00ed rodinu, opravdov\u00e9 p\u0159\u00e1tele a hlavn\u011b zdrav\u00ed. To je to nejd\u016fle\u017eit\u011bj\u0161\u00ed v na\u0161em \u017eivot\u011b, \u010deho bychom si m\u011bli p\u0159edev\u0161\u00edm v\u00e1\u017eit.B\u011bhem tohoto roku jsem procestovala 7 st\u00e1t\u016f, studovala 3 m\u011bs\u00edce v Belgii a 3 m\u011bs\u00edce ve Vietnamu, poznala mnoho p\u0159\u00e1telsk\u00fdch lid\u00ed, za\u017eila nespo\u010detn\u011b z\u00e1\u017eitk\u016f, a hlavn\u011b jsem za\u010dala \u017e\u00edt od za\u010d\u00e1tku. U\u017e nejsem holka, kter\u00e1 sed\u00ed zalezl\u00e1 doma, d\u00edv\u00e1 se na televizi a \u017eije si ve sv\u00e9m stereotypu. A m\u016f\u017eu \u0159\u00edct, \u017ee se c\u00edt\u00edm o hodn\u011b l\u00e9pe ne\u017e d\u0159\u00edve.A tak si \u0159\u00edk\u00e1m, \u017ee ka\u017ed\u00fd konec je nov\u00fdm za\u010d\u00e1tkem, a to si budu opakovat poka\u017ed\u00e9, kdy\u017e n\u011bco hezk\u00e9ho skon\u010d\u00ed. Proto\u017ee \u017eivot v\u00ed, pro\u010d to tak p\u00ed\u0161e. Nebojte se zm\u011bny, ka\u017ed\u00e1 p\u0159in\u00e1\u0161\u00ed i to dobr\u00e9. Po ka\u017ed\u00e9 t\u011b\u017ek\u00e9 cest\u011b n\u00e1s toti\u017e \u010dek\u00e1 to hezk\u00e9, na co vlastn\u011b cel\u00fd \u017eivot \u010dek\u00e1me.                                                                                                                                                                                                                                                                                                                                                                                        4.8\/5 - (9 votes)        "},{"@context":"https:\/\/schema.org\/","@type":"BreadcrumbList","itemListElement":[{"@type":"ListItem","position":1,"name":"Ka\u017ed\u00fd konec je nov\u00fdm za\u010d\u00e1tkem","item":"https:\/\/www.dalila.cz\/kazdy-konec-je-novym-zacatkem\/#breadcrumbitem"}]}]