[{"@context":"https:\/\/schema.org\/","@type":"Blog","@id":"https:\/\/www.dalila.cz#Blog","headline":"Dalila","description":"\nVsadit na toho spr\u00e1vn\u00e9ho kon\u011b se v\u017edy vypl\u00e1c\u00ed. A t\u00edm pomysln\u00fdm nejlep\u0161\u00edm kon\u011bm mezi v\u0161emi weby na internetu je ur\u010dit\u011b na\u0161e internetov\u00e1 prezentace.","url":"https:\/\/www.dalila.cz","hasPart":[{"@type":"Article","@id":"https:\/\/www.dalila.cz\/internet-po-celem-svete\/","headline":"Internet po cel\u00e9m sv\u011bt\u011b","url":"https:\/\/www.dalila.cz\/internet-po-celem-svete\/","datePublished":"2019-05-26","dateModified":"2023-05-05","mainEntityOfPage":"https:\/\/www.dalila.cz\/internet-po-celem-svete\/","author":{"@type":"Person","@id":"https:\/\/www.dalila.cz\/author\/#Person","name":"","url":"https:\/\/www.dalila.cz\/author\/","identifier":1,"image":{"@type":"ImageObject","@id":"https:\/\/secure.gravatar.com\/avatar\/9514fe8d0d5bc6f8b5e285c47f6d71536ab35446ffb077fff11f6ca1fa8b00ce?s=96&d=mm&r=g","url":"https:\/\/secure.gravatar.com\/avatar\/9514fe8d0d5bc6f8b5e285c47f6d71536ab35446ffb077fff11f6ca1fa8b00ce?s=96&d=mm&r=g","height":96,"width":96}},"publisher":{"@type":"Organization","name":"dalila.cz","logo":{"@type":"ImageObject","@id":"\/logo.png","url":"\/logo.png","width":600,"height":60}},"image":{"@type":"ImageObject","@id":"https:\/\/www.dalila.cz\/wp-content\/uploads\/img_a349138_w1704_t1564038651.jpg","url":"https:\/\/www.dalila.cz\/wp-content\/uploads\/img_a349138_w1704_t1564038651.jpg","height":0,"width":0},"wordCount":592,"keywords":null},{"@type":"Article","@id":"https:\/\/www.dalila.cz\/zazracna-sila-seminek-konopi\/","headline":"Z\u00e1zra\u010dn\u00e1 s\u00edla sem\u00ednek konop\u00ed","url":"https:\/\/www.dalila.cz\/zazracna-sila-seminek-konopi\/","datePublished":"2019-05-10","dateModified":"2023-05-05","mainEntityOfPage":"https:\/\/www.dalila.cz\/zazracna-sila-seminek-konopi\/","author":{"@type":"Person","@id":"https:\/\/www.dalila.cz\/author\/#Person","name":"","url":"https:\/\/www.dalila.cz\/author\/","identifier":1,"image":{"@type":"ImageObject","@id":"https:\/\/secure.gravatar.com\/avatar\/9514fe8d0d5bc6f8b5e285c47f6d71536ab35446ffb077fff11f6ca1fa8b00ce?s=96&d=mm&r=g","url":"https:\/\/secure.gravatar.com\/avatar\/9514fe8d0d5bc6f8b5e285c47f6d71536ab35446ffb077fff11f6ca1fa8b00ce?s=96&d=mm&r=g","height":96,"width":96}},"publisher":{"@type":"Organization","name":"dalila.cz","logo":{"@type":"ImageObject","@id":"\/logo.png","url":"\/logo.png","width":600,"height":60}},"image":{"@type":"ImageObject","@id":"https:\/\/www.dalila.cz\/wp-content\/uploads\/img_a347372_w2112_t1561621630.jpg","url":"https:\/\/www.dalila.cz\/wp-content\/uploads\/img_a347372_w2112_t1561621630.jpg","height":0,"width":0},"wordCount":469,"keywords":null},{"@type":"Article","@id":"https:\/\/www.dalila.cz\/pr-clanky-graduji\/","headline":"PR \u010dl\u00e1nky graduj\u00ed","url":"https:\/\/www.dalila.cz\/pr-clanky-graduji\/","datePublished":"2019-05-09","dateModified":"2023-05-05","mainEntityOfPage":"https:\/\/www.dalila.cz\/pr-clanky-graduji\/","author":{"@type":"Person","@id":"https:\/\/www.dalila.cz\/author\/#Person","name":"","url":"https:\/\/www.dalila.cz\/author\/","identifier":1,"image":{"@type":"ImageObject","@id":"https:\/\/secure.gravatar.com\/avatar\/9514fe8d0d5bc6f8b5e285c47f6d71536ab35446ffb077fff11f6ca1fa8b00ce?s=96&d=mm&r=g","url":"https:\/\/secure.gravatar.com\/avatar\/9514fe8d0d5bc6f8b5e285c47f6d71536ab35446ffb077fff11f6ca1fa8b00ce?s=96&d=mm&r=g","height":96,"width":96}},"publisher":{"@type":"Organization","name":"dalila.cz","logo":{"@type":"ImageObject","@id":"\/logo.png","url":"\/logo.png","width":600,"height":60}},"image":{"@type":"ImageObject","@id":"https:\/\/www.dalila.cz\/wp-content\/uploads\/img_a355972_w3720_t1570720286.jpg","url":"https:\/\/www.dalila.cz\/wp-content\/uploads\/img_a355972_w3720_t1570720286.jpg","height":0,"width":0},"wordCount":531,"keywords":null},{"@type":"Article","@id":"https:\/\/www.dalila.cz\/detska-trampolina-neni-nebezpecna\/","headline":"D\u011btsk\u00e1 trampol\u00edna nen\u00ed nebezpe\u010dn\u00e1","url":"https:\/\/www.dalila.cz\/detska-trampolina-neni-nebezpecna\/","datePublished":"2019-05-01","dateModified":"2023-05-05","mainEntityOfPage":"https:\/\/www.dalila.cz\/detska-trampolina-neni-nebezpecna\/","author":{"@type":"Person","@id":"https:\/\/www.dalila.cz\/author\/#Person","name":"","url":"https:\/\/www.dalila.cz\/author\/","identifier":1,"image":{"@type":"ImageObject","@id":"https:\/\/secure.gravatar.com\/avatar\/9514fe8d0d5bc6f8b5e285c47f6d71536ab35446ffb077fff11f6ca1fa8b00ce?s=96&d=mm&r=g","url":"https:\/\/secure.gravatar.com\/avatar\/9514fe8d0d5bc6f8b5e285c47f6d71536ab35446ffb077fff11f6ca1fa8b00ce?s=96&d=mm&r=g","height":96,"width":96}},"publisher":{"@type":"Organization","name":"dalila.cz","logo":{"@type":"ImageObject","@id":"\/logo.png","url":"\/logo.png","width":600,"height":60}},"image":{"@type":"ImageObject","@id":"https:\/\/www.dalila.cz\/wp-content\/uploads\/img_a347664_w1704_t1562142063.jpg","url":"https:\/\/www.dalila.cz\/wp-content\/uploads\/img_a347664_w1704_t1562142063.jpg","height":0,"width":0},"wordCount":553,"keywords":null},{"@type":"Article","@id":"https:\/\/www.dalila.cz\/svetlo-dar-sveta\/","headline":"Sv\u011btlo, dar sv\u011bta.","url":"https:\/\/www.dalila.cz\/svetlo-dar-sveta\/","datePublished":"2019-03-18","dateModified":"2023-05-05","mainEntityOfPage":"https:\/\/www.dalila.cz\/svetlo-dar-sveta\/","author":{"@type":"Person","@id":"https:\/\/www.dalila.cz\/author\/#Person","name":"","url":"https:\/\/www.dalila.cz\/author\/","identifier":1,"image":{"@type":"ImageObject","@id":"https:\/\/secure.gravatar.com\/avatar\/9514fe8d0d5bc6f8b5e285c47f6d71536ab35446ffb077fff11f6ca1fa8b00ce?s=96&d=mm&r=g","url":"https:\/\/secure.gravatar.com\/avatar\/9514fe8d0d5bc6f8b5e285c47f6d71536ab35446ffb077fff11f6ca1fa8b00ce?s=96&d=mm&r=g","height":96,"width":96}},"publisher":{"@type":"Organization","name":"dalila.cz","logo":{"@type":"ImageObject","@id":"\/logo.png","url":"\/logo.png","width":600,"height":60}},"image":{"@type":"ImageObject","@id":"https:\/\/www.dalila.cz\/wp-content\/uploads\/img_a340229_w2079_t1553250934.jpg","url":"https:\/\/www.dalila.cz\/wp-content\/uploads\/img_a340229_w2079_t1553250934.jpg","height":0,"width":0},"wordCount":4482,"keywords":null},{"@type":"Article","@id":"https:\/\/www.dalila.cz\/bazenovy-vysavac-neni-zadny-prepych\/","headline":"Baz\u00e9nov\u00fd vysava\u010d nen\u00ed \u017e\u00e1dn\u00fd p\u0159epych","url":"https:\/\/www.dalila.cz\/bazenovy-vysavac-neni-zadny-prepych\/","datePublished":"2019-03-06","dateModified":"2023-05-05","mainEntityOfPage":"https:\/\/www.dalila.cz\/bazenovy-vysavac-neni-zadny-prepych\/","author":{"@type":"Person","@id":"https:\/\/www.dalila.cz\/author\/#Person","name":"","url":"https:\/\/www.dalila.cz\/author\/","identifier":1,"image":{"@type":"ImageObject","@id":"https:\/\/secure.gravatar.com\/avatar\/9514fe8d0d5bc6f8b5e285c47f6d71536ab35446ffb077fff11f6ca1fa8b00ce?s=96&d=mm&r=g","url":"https:\/\/secure.gravatar.com\/avatar\/9514fe8d0d5bc6f8b5e285c47f6d71536ab35446ffb077fff11f6ca1fa8b00ce?s=96&d=mm&r=g","height":96,"width":96}},"publisher":{"@type":"Organization","name":"dalila.cz","logo":{"@type":"ImageObject","@id":"\/logo.png","url":"\/logo.png","width":600,"height":60}},"image":{"@type":"ImageObject","@id":"https:\/\/www.dalila.cz\/wp-content\/uploads\/img_a344027_w1704_t1557472588.jpg","url":"https:\/\/www.dalila.cz\/wp-content\/uploads\/img_a344027_w1704_t1557472588.jpg","height":0,"width":0},"wordCount":614,"keywords":null},{"@type":"Article","@id":"https:\/\/www.dalila.cz\/jizni-morava-je-idealni-misto-pro-vasi-dovolenou\/","headline":"Ji\u017en\u00ed Morava je ide\u00e1ln\u00ed m\u00edsto pro va\u0161i dovolenou","url":"https:\/\/www.dalila.cz\/jizni-morava-je-idealni-misto-pro-vasi-dovolenou\/","datePublished":"2019-03-01","dateModified":"2024-07-04","mainEntityOfPage":"https:\/\/www.dalila.cz\/jizni-morava-je-idealni-misto-pro-vasi-dovolenou\/","author":{"@type":"Person","@id":"https:\/\/www.dalila.cz\/author\/#Person","name":"","url":"https:\/\/www.dalila.cz\/author\/","identifier":1,"image":{"@type":"ImageObject","@id":"https:\/\/secure.gravatar.com\/avatar\/9514fe8d0d5bc6f8b5e285c47f6d71536ab35446ffb077fff11f6ca1fa8b00ce?s=96&d=mm&r=g","url":"https:\/\/secure.gravatar.com\/avatar\/9514fe8d0d5bc6f8b5e285c47f6d71536ab35446ffb077fff11f6ca1fa8b00ce?s=96&d=mm&r=g","height":96,"width":96}},"publisher":{"@type":"Organization","name":"dalila.cz","logo":{"@type":"ImageObject","@id":"\/logo.png","url":"\/logo.png","width":600,"height":60}},"image":{"@type":"ImageObject","@id":"https:\/\/www.dalila.cz\/wp-content\/uploads\/img_a342097_w1718_t1555054555.jpg","url":"https:\/\/www.dalila.cz\/wp-content\/uploads\/img_a342097_w1718_t1555054555.jpg","height":0,"width":0},"wordCount":517,"keywords":null},{"@type":"Article","@id":"https:\/\/www.dalila.cz\/kila-nechteji-mizet\/","headline":"Kila necht\u011bj\u00ed mizet","url":"https:\/\/www.dalila.cz\/kila-nechteji-mizet\/","datePublished":"2019-02-11","dateModified":"2024-05-14","mainEntityOfPage":"https:\/\/www.dalila.cz\/kila-nechteji-mizet\/","author":{"@type":"Person","@id":"https:\/\/www.dalila.cz\/author\/#Person","name":"","url":"https:\/\/www.dalila.cz\/author\/","identifier":1,"image":{"@type":"ImageObject","@id":"https:\/\/secure.gravatar.com\/avatar\/9514fe8d0d5bc6f8b5e285c47f6d71536ab35446ffb077fff11f6ca1fa8b00ce?s=96&d=mm&r=g","url":"https:\/\/secure.gravatar.com\/avatar\/9514fe8d0d5bc6f8b5e285c47f6d71536ab35446ffb077fff11f6ca1fa8b00ce?s=96&d=mm&r=g","height":96,"width":96}},"publisher":{"@type":"Organization","name":"dalila.cz","logo":{"@type":"ImageObject","@id":"\/logo.png","url":"\/logo.png","width":600,"height":60}},"image":{"@type":"ImageObject","@id":"https:\/\/www.dalila.cz\/wp-content\/uploads\/img_a340315_w1738_t1553259516.jpg","url":"https:\/\/www.dalila.cz\/wp-content\/uploads\/img_a340315_w1738_t1553259516.jpg","height":0,"width":0},"wordCount":551,"keywords":null},{"@type":"Article","@id":"https:\/\/www.dalila.cz\/kazdy-konec-je-novym-zacatkem\/","headline":"Ka\u017ed\u00fd konec je nov\u00fdm za\u010d\u00e1tkem","url":"https:\/\/www.dalila.cz\/kazdy-konec-je-novym-zacatkem\/","datePublished":"2018-12-21","dateModified":"2023-05-05","mainEntityOfPage":"https:\/\/www.dalila.cz\/kazdy-konec-je-novym-zacatkem\/","author":{"@type":"Person","@id":"https:\/\/www.dalila.cz\/author\/#Person","name":"","url":"https:\/\/www.dalila.cz\/author\/","identifier":1,"image":{"@type":"ImageObject","@id":"https:\/\/secure.gravatar.com\/avatar\/9514fe8d0d5bc6f8b5e285c47f6d71536ab35446ffb077fff11f6ca1fa8b00ce?s=96&d=mm&r=g","url":"https:\/\/secure.gravatar.com\/avatar\/9514fe8d0d5bc6f8b5e285c47f6d71536ab35446ffb077fff11f6ca1fa8b00ce?s=96&d=mm&r=g","height":96,"width":96}},"publisher":{"@type":"Organization","name":"dalila.cz","logo":{"@type":"ImageObject","@id":"\/logo.png","url":"\/logo.png","width":600,"height":60}},"image":{"@type":"ImageObject","@id":"https:\/\/www.dalila.cz\/wp-content\/uploads\/img_a332081_w2352_t1544696942.jpg","url":"https:\/\/www.dalila.cz\/wp-content\/uploads\/img_a332081_w2352_t1544696942.jpg","height":0,"width":0},"wordCount":570,"keywords":null},{"@type":"Article","@id":"https:\/\/www.dalila.cz\/chytry-design-na-chytry-telefon\/","headline":"Chytr\u00fd design na chytr\u00fd telefon","url":"https:\/\/www.dalila.cz\/chytry-design-na-chytry-telefon\/","datePublished":"2018-11-05","dateModified":"2023-05-05","mainEntityOfPage":"https:\/\/www.dalila.cz\/chytry-design-na-chytry-telefon\/","author":{"@type":"Person","@id":"https:\/\/www.dalila.cz\/author\/#Person","name":"","url":"https:\/\/www.dalila.cz\/author\/","identifier":1,"image":{"@type":"ImageObject","@id":"https:\/\/secure.gravatar.com\/avatar\/9514fe8d0d5bc6f8b5e285c47f6d71536ab35446ffb077fff11f6ca1fa8b00ce?s=96&d=mm&r=g","url":"https:\/\/secure.gravatar.com\/avatar\/9514fe8d0d5bc6f8b5e285c47f6d71536ab35446ffb077fff11f6ca1fa8b00ce?s=96&d=mm&r=g","height":96,"width":96}},"publisher":{"@type":"Organization","name":"dalila.cz","logo":{"@type":"ImageObject","@id":"\/logo.png","url":"\/logo.png","width":600,"height":60}},"image":{"@type":"ImageObject","@id":"https:\/\/www.dalila.cz\/wp-content\/uploads\/img_a330415_w1704_t1542971441.jpg","url":"https:\/\/www.dalila.cz\/wp-content\/uploads\/img_a330415_w1704_t1542971441.jpg","height":0,"width":0},"wordCount":509,"keywords":null}]},{"@context":"https:\/\/schema.org","@type":"WebSite","@id":"https:\/\/www.dalila.cz\/#website","name":"Dalila","url":"https:\/\/www.dalila.cz","potentialAction":{"@type":"SearchAction","target":"https:\/\/www.dalila.cz\/?s={search_term_string}","query-input":"required name=search_term_string"}}]