[{"@context":"https:\/\/schema.org\/","@type":"Blog","@id":"https:\/\/www.dalila.cz#Blog","headline":"Dalila","description":"\nVsadit na toho spr\u00e1vn\u00e9ho kon\u011b se v\u017edy vypl\u00e1c\u00ed. A t\u00edm pomysln\u00fdm nejlep\u0161\u00edm kon\u011bm mezi v\u0161emi weby na internetu je ur\u010dit\u011b na\u0161e internetov\u00e1 prezentace.","url":"https:\/\/www.dalila.cz","hasPart":[{"@type":"Article","@id":"https:\/\/www.dalila.cz\/lide-se-nevyznaji-v-jizdnich-radech-pouzivaji-mobilni-aplikace\/","headline":"Lid\u00e9 se nevyznaj\u00ed v j\u00edzdn\u00edch \u0159\u00e1dech, pou\u017e\u00edvaj\u00ed mobiln\u00ed aplikace","url":"https:\/\/www.dalila.cz\/lide-se-nevyznaji-v-jizdnich-radech-pouzivaji-mobilni-aplikace\/","datePublished":"2018-09-27","dateModified":"2023-05-05","mainEntityOfPage":"https:\/\/www.dalila.cz\/lide-se-nevyznaji-v-jizdnich-radech-pouzivaji-mobilni-aplikace\/","author":{"@type":"Person","@id":"https:\/\/www.dalila.cz\/author\/#Person","name":"","url":"https:\/\/www.dalila.cz\/author\/","identifier":1,"image":{"@type":"ImageObject","@id":"https:\/\/secure.gravatar.com\/avatar\/9514fe8d0d5bc6f8b5e285c47f6d71536ab35446ffb077fff11f6ca1fa8b00ce?s=96&d=mm&r=g","url":"https:\/\/secure.gravatar.com\/avatar\/9514fe8d0d5bc6f8b5e285c47f6d71536ab35446ffb077fff11f6ca1fa8b00ce?s=96&d=mm&r=g","height":96,"width":96}},"publisher":{"@type":"Organization","name":"dalila.cz","logo":{"@type":"ImageObject","@id":"\/logo.png","url":"\/logo.png","width":600,"height":60}},"image":{"@type":"ImageObject","@id":"https:\/\/www.dalila.cz\/wp-content\/uploads\/img_a324208_w2530_t1536048921.jpg","url":"https:\/\/www.dalila.cz\/wp-content\/uploads\/img_a324208_w2530_t1536048921.jpg","height":0,"width":0},"wordCount":4625,"keywords":null},{"@type":"Article","@id":"https:\/\/www.dalila.cz\/s-tabletami-do-bazenu-osetrite-vodu-raz-dva\/","headline":"S tabletami do baz\u00e9nu o\u0161et\u0159\u00edte vodu raz dva","url":"https:\/\/www.dalila.cz\/s-tabletami-do-bazenu-osetrite-vodu-raz-dva\/","datePublished":"2018-08-27","dateModified":"2018-08-27","mainEntityOfPage":"https:\/\/www.dalila.cz\/s-tabletami-do-bazenu-osetrite-vodu-raz-dva\/","author":{"@type":"Person","@id":"https:\/\/www.dalila.cz\/author\/#Person","name":"","url":"https:\/\/www.dalila.cz\/author\/","identifier":1,"image":{"@type":"ImageObject","@id":"https:\/\/secure.gravatar.com\/avatar\/9514fe8d0d5bc6f8b5e285c47f6d71536ab35446ffb077fff11f6ca1fa8b00ce?s=96&d=mm&r=g","url":"https:\/\/secure.gravatar.com\/avatar\/9514fe8d0d5bc6f8b5e285c47f6d71536ab35446ffb077fff11f6ca1fa8b00ce?s=96&d=mm&r=g","height":96,"width":96}},"publisher":{"@type":"Organization","name":"dalila.cz","logo":{"@type":"ImageObject","@id":"\/logo.png","url":"\/logo.png","width":600,"height":60}},"image":{"@type":"ImageObject","@id":"https:\/\/www.dalila.cz\/wp-content\/uploads\/img_a324145_w1765_t1535877100.jpg","url":"https:\/\/www.dalila.cz\/wp-content\/uploads\/img_a324145_w1765_t1535877100.jpg","height":0,"width":0},"wordCount":522,"keywords":null},{"@type":"Article","@id":"https:\/\/www.dalila.cz\/americka-hypoteka-znama-po-celem-svete\/","headline":"Americk\u00e1 hypot\u00e9ka zn\u00e1m\u00e1 po cel\u00e9m sv\u011bt\u011b","url":"https:\/\/www.dalila.cz\/americka-hypoteka-znama-po-celem-svete\/","datePublished":"2018-08-09","dateModified":"2023-05-05","mainEntityOfPage":"https:\/\/www.dalila.cz\/americka-hypoteka-znama-po-celem-svete\/","author":{"@type":"Person","@id":"https:\/\/www.dalila.cz\/author\/#Person","name":"","url":"https:\/\/www.dalila.cz\/author\/","identifier":1,"image":{"@type":"ImageObject","@id":"https:\/\/secure.gravatar.com\/avatar\/9514fe8d0d5bc6f8b5e285c47f6d71536ab35446ffb077fff11f6ca1fa8b00ce?s=96&d=mm&r=g","url":"https:\/\/secure.gravatar.com\/avatar\/9514fe8d0d5bc6f8b5e285c47f6d71536ab35446ffb077fff11f6ca1fa8b00ce?s=96&d=mm&r=g","height":96,"width":96}},"publisher":{"@type":"Organization","name":"dalila.cz","logo":{"@type":"ImageObject","@id":"\/logo.png","url":"\/logo.png","width":600,"height":60}},"image":{"@type":"ImageObject","@id":"https:\/\/www.dalila.cz\/wp-content\/uploads\/img_a323306_w2220_t1535013308.jpg","url":"https:\/\/www.dalila.cz\/wp-content\/uploads\/img_a323306_w2220_t1535013308.jpg","height":0,"width":0},"wordCount":557,"keywords":null},{"@type":"Article","@id":"https:\/\/www.dalila.cz\/vestavene-skrine-patri-nejen-do-maleho-bytu\/","headline":"Vestav\u011bn\u00e9 sk\u0159\u00edn\u011b pat\u0159\u00ed nejen do mal\u00e9ho bytu","url":"https:\/\/www.dalila.cz\/vestavene-skrine-patri-nejen-do-maleho-bytu\/","datePublished":"2018-02-11","dateModified":"2023-05-05","mainEntityOfPage":"https:\/\/www.dalila.cz\/vestavene-skrine-patri-nejen-do-maleho-bytu\/","author":{"@type":"Person","@id":"https:\/\/www.dalila.cz\/author\/#Person","name":"","url":"https:\/\/www.dalila.cz\/author\/","identifier":1,"image":{"@type":"ImageObject","@id":"https:\/\/secure.gravatar.com\/avatar\/9514fe8d0d5bc6f8b5e285c47f6d71536ab35446ffb077fff11f6ca1fa8b00ce?s=96&d=mm&r=g","url":"https:\/\/secure.gravatar.com\/avatar\/9514fe8d0d5bc6f8b5e285c47f6d71536ab35446ffb077fff11f6ca1fa8b00ce?s=96&d=mm&r=g","height":96,"width":96}},"publisher":{"@type":"Organization","name":"dalila.cz","logo":{"@type":"ImageObject","@id":"\/logo.png","url":"\/logo.png","width":600,"height":60}},"image":{"@type":"ImageObject","@id":"https:\/\/www.dalila.cz\/wp-content\/uploads\/img_a313209_w2255_t1523878032.jpg","url":"https:\/\/www.dalila.cz\/wp-content\/uploads\/img_a313209_w2255_t1523878032.jpg","height":0,"width":0},"wordCount":537,"keywords":null},{"@type":"Article","@id":"https:\/\/www.dalila.cz\/selvintech-diskuse-vam-prozradi-o-jakou-praci-jde\/","headline":"Selvintech diskuse v\u00e1m prozrad\u00ed, o jakou pr\u00e1ci jde","url":"https:\/\/www.dalila.cz\/selvintech-diskuse-vam-prozradi-o-jakou-praci-jde\/","datePublished":"2018-01-15","dateModified":"2023-09-07","mainEntityOfPage":"https:\/\/www.dalila.cz\/selvintech-diskuse-vam-prozradi-o-jakou-praci-jde\/","author":{"@type":"Person","@id":"https:\/\/www.dalila.cz\/author\/#Person","name":"","url":"https:\/\/www.dalila.cz\/author\/","identifier":1,"image":{"@type":"ImageObject","@id":"https:\/\/secure.gravatar.com\/avatar\/9514fe8d0d5bc6f8b5e285c47f6d71536ab35446ffb077fff11f6ca1fa8b00ce?s=96&d=mm&r=g","url":"https:\/\/secure.gravatar.com\/avatar\/9514fe8d0d5bc6f8b5e285c47f6d71536ab35446ffb077fff11f6ca1fa8b00ce?s=96&d=mm&r=g","height":96,"width":96}},"publisher":{"@type":"Organization","name":"dalila.cz","logo":{"@type":"ImageObject","@id":"\/logo.png","url":"\/logo.png","width":600,"height":60}},"image":{"@type":"ImageObject","@id":"https:\/\/www.dalila.cz\/wp-content\/uploads\/img_a308161_w2216_t1519296862.jpg","url":"https:\/\/www.dalila.cz\/wp-content\/uploads\/img_a308161_w2216_t1519296862.jpg","height":0,"width":0},"wordCount":548,"keywords":null},{"@type":"Article","@id":"https:\/\/www.dalila.cz\/kouzlo-lezerniho-stylu\/","headline":"Kouzlo le\u017e\u00e9rn\u00edho stylu","url":"https:\/\/www.dalila.cz\/kouzlo-lezerniho-stylu\/","datePublished":"2017-12-22","dateModified":"2023-05-05","mainEntityOfPage":"https:\/\/www.dalila.cz\/kouzlo-lezerniho-stylu\/","author":{"@type":"Person","@id":"https:\/\/www.dalila.cz\/author\/#Person","name":"","url":"https:\/\/www.dalila.cz\/author\/","identifier":1,"image":{"@type":"ImageObject","@id":"https:\/\/secure.gravatar.com\/avatar\/9514fe8d0d5bc6f8b5e285c47f6d71536ab35446ffb077fff11f6ca1fa8b00ce?s=96&d=mm&r=g","url":"https:\/\/secure.gravatar.com\/avatar\/9514fe8d0d5bc6f8b5e285c47f6d71536ab35446ffb077fff11f6ca1fa8b00ce?s=96&d=mm&r=g","height":96,"width":96}},"publisher":{"@type":"Organization","name":"dalila.cz","logo":{"@type":"ImageObject","@id":"\/logo.png","url":"\/logo.png","width":600,"height":60}},"image":{"@type":"ImageObject","@id":"https:\/\/www.dalila.cz\/wp-content\/uploads\/img_a308180_w2131_t1519300155.jpg","url":"https:\/\/www.dalila.cz\/wp-content\/uploads\/img_a308180_w2131_t1519300155.jpg","height":0,"width":0},"wordCount":728,"keywords":null},{"@type":"Article","@id":"https:\/\/www.dalila.cz\/jedna-se-o-cistici-prostredek\/","headline":"Jedn\u00e1 se o \u010distic\u00ed prost\u0159edek","url":"https:\/\/www.dalila.cz\/jedna-se-o-cistici-prostredek\/","datePublished":"2017-06-04","dateModified":"2023-05-05","mainEntityOfPage":"https:\/\/www.dalila.cz\/jedna-se-o-cistici-prostredek\/","author":{"@type":"Person","@id":"https:\/\/www.dalila.cz\/author\/#Person","name":"","url":"https:\/\/www.dalila.cz\/author\/","identifier":1,"image":{"@type":"ImageObject","@id":"https:\/\/secure.gravatar.com\/avatar\/9514fe8d0d5bc6f8b5e285c47f6d71536ab35446ffb077fff11f6ca1fa8b00ce?s=96&d=mm&r=g","url":"https:\/\/secure.gravatar.com\/avatar\/9514fe8d0d5bc6f8b5e285c47f6d71536ab35446ffb077fff11f6ca1fa8b00ce?s=96&d=mm&r=g","height":96,"width":96}},"publisher":{"@type":"Organization","name":"dalila.cz","logo":{"@type":"ImageObject","@id":"\/logo.png","url":"\/logo.png","width":600,"height":60}},"image":{"@type":"ImageObject","@id":"https:\/\/www.dalila.cz\/wp-content\/uploads\/img_a292316_w2176_t1504714777.jpg","url":"https:\/\/www.dalila.cz\/wp-content\/uploads\/img_a292316_w2176_t1504714777.jpg","height":0,"width":0},"wordCount":495,"keywords":null}]},{"@context":"https:\/\/schema.org","@type":"WebSite","@id":"https:\/\/www.dalila.cz\/#website","name":"Dalila","url":"https:\/\/www.dalila.cz","potentialAction":{"@type":"SearchAction","target":"https:\/\/www.dalila.cz\/?s={search_term_string}","query-input":"required name=search_term_string"}}]