[{"@context":"https:\/\/schema.org\/","@type":"Article","@id":"https:\/\/www.dalila.cz\/zasadte-si-svoji-tuzku\/#Article","mainEntityOfPage":"https:\/\/www.dalila.cz\/zasadte-si-svoji-tuzku\/","headline":"Zasa\u010fte si svoji tu\u017eku","name":"Zasa\u010fte si svoji tu\u017eku","description":"Ekologick\u00e1 rostouc\u00ed tu\u017eka m\u00e1 v sob\u011b vlo\u017een\u00e9 sem\u00ednko bylinky, kter\u00e1 po vykreslen\u00ed tu\u017eky m\u016f\u017ee spat\u0159it sv\u011btlo sv\u011bta. Kdy\u017e u\u017e je tu\u017eka p\u0159\u00edli\u0161 kr\u00e1tk\u00e1, aby se&hellip;","datePublished":"2020-09-09","dateModified":"2023-05-05","author":{"@type":"Person","@id":"https:\/\/www.dalila.cz\/author\/#Person","name":"","url":"https:\/\/www.dalila.cz\/author\/","identifier":1,"image":{"@type":"ImageObject","@id":"https:\/\/secure.gravatar.com\/avatar\/9514fe8d0d5bc6f8b5e285c47f6d71536ab35446ffb077fff11f6ca1fa8b00ce?s=96&d=mm&r=g","url":"https:\/\/secure.gravatar.com\/avatar\/9514fe8d0d5bc6f8b5e285c47f6d71536ab35446ffb077fff11f6ca1fa8b00ce?s=96&d=mm&r=g","height":96,"width":96}},"publisher":{"@type":"Organization","name":"dalila.cz","logo":{"@type":"ImageObject","@id":"\/logo.png","url":"\/logo.png","width":600,"height":60}},"image":{"@type":"ImageObject","@id":"https:\/\/www.dalila.cz\/wp-content\/uploads\/img_a288456_w1921_t1498810023.jpg","url":"https:\/\/www.dalila.cz\/wp-content\/uploads\/img_a288456_w1921_t1498810023.jpg","height":0,"width":0},"url":"https:\/\/www.dalila.cz\/zasadte-si-svoji-tuzku\/","wordCount":420,"articleBody":"Ekologick\u00e1 rostouc\u00ed tu\u017eka m\u00e1 v sob\u011b vlo\u017een\u00e9 sem\u00ednko bylinky, kter\u00e1 po vykreslen\u00ed tu\u017eky m\u016f\u017ee spat\u0159it sv\u011btlo sv\u011bta. Kdy\u017e u\u017e je tu\u017eka p\u0159\u00edli\u0161 kr\u00e1tk\u00e1, aby se s n\u00ed dalo ps\u00e1t a kreslit, tak ji posta\u010d\u00ed zasadit kamkoliv a do dvou t\u00fddn\u016f z tu\u017eky vyroste libovoln\u00e1 zdrav\u00e1 rostlinka. Na ekologick\u00e9 tu\u017ece je nasazena kapsle se sem\u00ednkem, bez GMO a pesticid\u016f. Jakmile se tato kapsle dostane do kontaktu s vodou a p\u016fdou, na\u0161e tu\u017eka za\u010dne kl\u00ed\u010dit.\tVysok\u00e1 kvalita a \u010distotaEkologick\u00e9 rostouc\u00ed tu\u017eky jsou vyr\u00e1b\u011bny ru\u010dn\u011b, ve vysok\u00e9 kvalit\u011b, z udr\u017eiteln\u011b vyt\u011b\u017een\u00e9ho cedrov\u00e9ho d\u0159eva. P\u0159i v\u00fdrob\u011b jsou pou\u017eity sto procentn\u00ed p\u0159\u00edrodn\u00ed suroviny, bez olova nebo jin\u00fdch toxick\u00fdch l\u00e1tek. Ekologick\u00e1 rostouc\u00ed tu\u017eka je ide\u00e1ln\u00ed pro ka\u017ed\u00e9ho, kdo v\u017edy svou tu\u017eku vyp\u00ed\u0161e, nechce ji vyhodit a m\u00e1 r\u00e1d rostliny.Tyto vesel\u00e9 rostouc\u00ed tu\u017eky jsou nejenom ekologick\u00e9. Nav\u00edc:o\u00a0\u00a0 n\u00e1dhern\u011b von\u00ed cedrov\u00fdm d\u0159evemo\u00a0\u00a0 pokud s nimi ji\u017e nechcete ps\u00e1t, nebo jsou p\u0159\u00edli\u0161 kr\u00e1tk\u00e9, tak je zasad\u00edteo\u00a0\u00a0 vyroste z nich jedna z deseti bylinek, kterou m\u016f\u017eete pou\u017e\u00edt v\u00a0kuchyniPokud zasad\u00edme rostouc\u00ed tu\u017eku, pom\u016f\u017eeme t\u00edm p\u0159\u00edrod\u011b, pobav\u00edme se a potom si je\u0161t\u011b na rostlince pochutn\u00e1me. Tyto tu\u017eky jsou z\u00e1rove\u0148 skv\u011bl\u00fdm d\u00e1rkem a b\u00e1je\u010dn\u00fdm p\u0159ekvapen\u00edm pro ka\u017ed\u00e9ho milovn\u00edka p\u0159\u00edrody.Tyto ekologick\u00e9 tu\u017eky jsou vyr\u00e1b\u011bny v Minnesot\u011b v USA. D\u0159evo tu\u017eky je z cedru a tuha z grafitu a j\u00edlu. Velikou v\u00fdhodou u t\u011bchto tu\u017eek je, \u017ee pokud r\u00e1di okusujeme konec tu\u017eky, tak u ekologick\u00e9 tu\u017eky doch\u00e1z\u00ed k aktivaci zelen\u00e9ho kone\u010dku a rozpust\u00ed se v \u00fastech. T\u00edm n\u00e1s na\u0161eho zvyku zbav\u00ed.\tChutn\u00e9 rostlinky v\u00a0ka\u017ed\u00e9 tu\u017eceTu\u017eky v sob\u011b obsahuj\u00ed sem\u00ednka z t\u011bchto rostlin:o\u00a0\u00a0 koriandro\u00a0\u00a0 kopro\u00a0\u00a0 sladk\u00fd hr\u00e1cho\u00a0\u00a0 tymi\u00e1no\u00a0\u00a0 sherry raj\u010deo\u00a0\u00a0 rozmar\u00fdn\u00a0\u00a0\u00a0\u00a0\u00a0\u00a0\u00a0\u00a0\u00a0\u00a0\u00a0 o\u00a0\u00a0 chilli\u00a0\u00a0\u00a0\u00a0\u00a0\u00a0\u00a0\u00a0\u00a0\u00a0\u00a0\u00a0\u00a0\u00a0\u00a0\u00a0\u00a0\u00a0\u00a0\u00a0\u00a0 o\u00a0\u00a0 pomn\u011bnkyo\u00a0\u00a0 levandule\u00a0\u00a0\u00a0\u00a0\u00a0\u00a0 o\u00a0\u00a0 \u0161alv\u011bj\u00a0\u00a0Pokud n\u00e1m ji\u017e z tu\u017eky sem\u00ednko vykl\u00ed\u010d\u00ed, je vhodn\u00e9 v\u017edy bylinku p\u0159est\u011bhovat ven na slun\u00ed\u010dko, na zahradu, do sklen\u00edku nebo do kv\u011btin\u00e1\u010de.                                                                                                                                                                                                                                                                                                                                                                                        2.8\/5 - (9 votes)        "},{"@context":"https:\/\/schema.org\/","@type":"BreadcrumbList","itemListElement":[{"@type":"ListItem","position":1,"name":"Zasa\u010fte si svoji tu\u017eku","item":"https:\/\/www.dalila.cz\/zasadte-si-svoji-tuzku\/#breadcrumbitem"}]}]